{"id":174,"date":"2022-09-29T16:27:38","date_gmt":"2022-09-29T16:27:38","guid":{"rendered":"http:\/\/isselburg21.de\/?p=174"},"modified":"2022-09-29T16:27:38","modified_gmt":"2022-09-29T16:27:38","slug":"jahreshauptversammlung-vom-27-09-2022","status":"publish","type":"post","link":"http:\/\/isselburg21.de\/?p=174","title":{"rendered":"Jahreshauptversammlung vom 27.09.2022"},"content":{"rendered":"<p><span dir=\"ltr\" role=\"presentation\">Nach drei Jahren Pause fand am Dienstagabend im Hahnerfelder Bauerncafe die<\/span><br role=\"presentation\" \/><span dir=\"ltr\" role=\"presentation\">diesj\u00e4hrige Jahreshauptversammlung von Isselburg21 statt.<\/span><\/p>\n<p><br role=\"presentation\" \/><span dir=\"ltr\" role=\"presentation\">Nach Jahresr\u00fcckblick und Ausblick auf das kommende Jahr durch den Vorstand und<\/span><br role=\"presentation\" \/><span dir=\"ltr\" role=\"presentation\">Bericht der Kassenpr\u00fcfung erfolgte die Entlastung des Vorstandes und dessen<\/span><br role=\"presentation\" \/><span dir=\"ltr\" role=\"presentation\">Neuwahl und Best\u00e4tigung im Amt.<br \/>\n<\/span><br role=\"presentation\" \/><span dir=\"ltr\" role=\"presentation\">Coronabedingte Zwangspausen haben in den letzten Jahren auch das Vereinsleben<\/span><br role=\"presentation\" \/><span dir=\"ltr\" role=\"presentation\">von Isselburg 21 erheblich gest\u00f6rt. Trotzdem war der Vorstand des Vereins nicht<\/span><br role=\"presentation\" \/><span dir=\"ltr\" role=\"presentation\">unt\u00e4tig und traf sich gem\u00e4\u00df der jeweiligen Bestimmungen und Empfehlungen<\/span><br role=\"presentation\" \/><span dir=\"ltr\" role=\"presentation\">regelm\u00e4\u00dfig um Strategien zu entwickeln und Kr\u00e4fte gezielt zu b\u00fcndeln und<\/span><br role=\"presentation\" \/><span dir=\"ltr\" role=\"presentation\">einzusetzen.<\/span><\/p>\n<p><br role=\"presentation\" \/><span dir=\"ltr\" role=\"presentation\">Die Abgrabungen durch das Kieswerk Breels schreiten in immer h\u00f6herem Tempo<\/span><br role=\"presentation\" \/><span dir=\"ltr\" role=\"presentation\">voran. Die massiven Verletzungen der heimatlichen Kulturlandschaft mit seinen<\/span><br role=\"presentation\" \/><span dir=\"ltr\" role=\"presentation\">vielf\u00e4ltigen Strukturen und gesch\u00fctzten Plaggeneschb\u00f6den und vielen anderen<\/span><br role=\"presentation\" \/><span dir=\"ltr\" role=\"presentation\">sch\u00fctzenswerten Landschaftsbestandsteilen sind nicht mehr zu \u00fcbersehen.<\/span><br role=\"presentation\" \/><span dir=\"ltr\" role=\"presentation\">Neben der m\u00f6glichen Verz\u00f6gerung und Verhinderung weiterer Abgrabungen in<\/span><br role=\"presentation\" \/><span dir=\"ltr\" role=\"presentation\">Isselburg und Umgebung ist die Aufwertung und bessere Erlebbarkeit der<\/span><br role=\"presentation\" \/><span dir=\"ltr\" role=\"presentation\">entstehenden Seenlandschaft ein wichtiges Ziel der Vereinsarbeit. Dieses Ziel ist nur<\/span><br role=\"presentation\" \/><span dir=\"ltr\" role=\"presentation\">im Dialog mit allen Akteuren und in kleinen Schritten zu erreichen. So wird auf<\/span><br role=\"presentation\" \/><span dir=\"ltr\" role=\"presentation\">Betreiben von Isselburg21 in K\u00fcrze der Bau von Aussichtspunkten zur<\/span><br role=\"presentation\" \/><span dir=\"ltr\" role=\"presentation\">Naturbeobachtung realisiert. Mittel- bis langfristig ist die Erschlie\u00dfung des<\/span><br role=\"presentation\" \/><span dir=\"ltr\" role=\"presentation\">Seengebietes durch Wegeverbindungen und Anbindungen an das gro\u00dfr\u00e4umige Rad-<\/span><br role=\"presentation\" \/><span dir=\"ltr\" role=\"presentation\">und Fu\u00dfwegenetz w\u00fcnschenswert.<br \/>\n<\/span><br role=\"presentation\" \/><span dir=\"ltr\" role=\"presentation\">Im kommenden Jahr wird wird die Auseinandersetzung mit dem angek\u00fcndigten<\/span><br role=\"presentation\" \/><span dir=\"ltr\" role=\"presentation\">Antrag auf die zweite Erweiterung der Abgrabungsfl\u00e4che immer wichtiger. Weitere<\/span><br role=\"presentation\" \/><span dir=\"ltr\" role=\"presentation\">Abgrabungen w\u00fcrden nicht nur zum Verlust von Kulturlandschaft und vielf\u00e4ltigen<\/span><br role=\"presentation\" \/><span dir=\"ltr\" role=\"presentation\">Biotopen f\u00fchren sondern in ihrer Ma\u00dflosigkeit die zuk\u00fcnftige Entwicklung in Isselburg<\/span><br role=\"presentation\" \/><span dir=\"ltr\" role=\"presentation\">massiv einschr\u00e4nken. Deshalb liegt der weitere ungebremste Kiesabbau nicht im<\/span><br role=\"presentation\" \/><span dir=\"ltr\" role=\"presentation\">Interesse der B\u00fcrger und Besucher der Stadt Isselburg!<\/span><\/p>\n","protected":false},"excerpt":{"rendered":"<p>Nach drei Jahren Pause fand am Dienstagabend im Hahnerfelder Bauerncafe diediesj\u00e4hrige Jahreshauptversammlung von Isselburg21 statt. Nach Jahresr\u00fcckblick und Ausblick auf<\/p>\n","protected":false},"author":1,"featured_media":175,"comment_status":"open","ping_status":"open","sticky":false,"template":"","format":"standard","meta":{"advanced_seo_description":"","jetpack_seo_html_title":"","jetpack_seo_noindex":false,"jetpack_post_was_ever_published":false,"footnotes":"","jetpack_publicize_message":"","jetpack_is_tweetstorm":false,"jetpack_publicize_feature_enabled":true,"jetpack_social_post_already_shared":true,"jetpack_social_options":[]},"categories":[1],"tags":[],"class_list":["post-174","post","type-post","status-publish","format-standard","has-post-thumbnail","hentry","category-schulefuerisselburg"],"jetpack_publicize_connections":[],"jetpack_featured_media_url":"https:\/\/i0.wp.com\/isselburg21.de\/wp-content\/uploads\/2022\/09\/Vorstand2019.jpeg?fit=640%2C448","jetpack_sharing_enabled":true,"jetpack_shortlink":"https:\/\/wp.me\/p9yksG-2O","jetpack_likes_enabled":true,"jetpack-related-posts":[{"id":182,"url":"http:\/\/isselburg21.de\/?p=182","url_meta":{"origin":174,"position":0},"title":"Bericht zur JHV 2023 und weitere Planung","date":"23. Dezember 2023","format":false,"excerpt":"Jahreshauptversammlung des Vereins Isselburg21 vom 07.12.2023 Am Donnerstagabend fand in den R\u00e4umen des Heimatvereins Anholt die diesj\u00e4hrige Jahreshauptversammlung von Isselburg21 e.V. statt. Nach Jahresr\u00fcckblick und Ausblick auf das kommende Jahr durch den Vorstand und Bericht der Kassenpr\u00fcfung erfolgte die Entlastung des Vorstandes. Aktueller Diskussionsschwerpunkt ist die geplante Gleichstromtrasse \u2018Windader West\u2019\u2026","rel":"","context":"In &quot;380KV&quot;","img":{"alt_text":"","src":"https:\/\/i0.wp.com\/isselburg21.de\/wp-content\/uploads\/2015\/10\/12140111_893495877403170_1513353267517496284_o.jpg?fit=1200%2C800&resize=350%2C200","width":350,"height":200},"classes":[]},{"id":133,"url":"http:\/\/isselburg21.de\/?p=133","url_meta":{"origin":174,"position":1},"title":"Pressemitteilung zur M\u00f6glichkeit einer Gesamtschule in Isselburg","date":"2. Januar 2018","format":false,"excerpt":"Heute haben wir folgende Pressemitteilung versendet: Bezirksregierung M\u00fcnster: Gesamtschule f\u00fcr Isselburg ist machbar! Vertreter von Isselburg21 und f\u00fcr das Schulwesen zust\u00e4ndige Mitarbeiterinnen und Mitarbeiter der Bezirksregierung M\u00fcnster trafen sich zu einem ersten Sondierungsgespr\u00e4ch, um die M\u00f6glichkeiten des Erhalts einer weiterf\u00fchrenden Schule in Isselburg zu er\u00f6rtern. Die Gespr\u00e4chsteilnehmer der Bezirksregierung zeigten\u2026","rel":"","context":"In &quot;Schule f\u00fcr Isselburg&quot;","img":{"alt_text":"","src":"https:\/\/i0.wp.com\/isselburg21.de\/wp-content\/uploads\/2018\/01\/Schule-Isselburg.jpg?fit=960%2C640&resize=350%2C200","width":350,"height":200},"classes":[]},{"id":50,"url":"http:\/\/isselburg21.de\/?p=50","url_meta":{"origin":174,"position":2},"title":"Chance f\u00fcr eine Gesamtschule steht gut","date":"6. Januar 2018","format":false,"excerpt":"Beitrag von isselburg-live.de Nun gibt es doch wieder Hoffnung f\u00fcr eine weiterf\u00fchrende Schule in Isselburg. Wie Reinhold K\u00fchne von Isselburg21 in einem Presseschreiben mitteilte, unterst\u00fctzt die Bezirksregierung M\u00fcnster das Vorhaben, eine Ersatzschule in privater Tr\u00e4gerschaft zu gr\u00fcnden. Erste Sondierungsgespr\u00e4che haben bereits stattgefunden. In dem Schreiben hei\u00dft es, dass sich die\u2026","rel":"","context":"In &quot;Schule f\u00fcr Isselburg&quot;","img":{"alt_text":"","src":"https:\/\/i0.wp.com\/isselburg21.de\/wp-content\/uploads\/2018\/01\/Gesamtschule-Isselburg-Kopie.jpg?fit=792%2C441&resize=350%2C200","width":350,"height":200},"classes":[]},{"id":98,"url":"http:\/\/isselburg21.de\/?p=98","url_meta":{"origin":174,"position":3},"title":"Klage gegen 380 kV Leitung","date":"19. Februar 2017","format":false,"excerpt":"Im Stadtgebiet von Isselburg laufen die Bauarbeiten der 380 KV Leitung und die sichtbaren Auswirkungen sind erschreckend. Ganze Waldst\u00fccke wurden abgeholzt und Baustra\u00dfen \u00fcber Acker- und Weidefl\u00e4chen erstellt. Auf der letzten Jahreshauptversammlung haben wir beschlossen eine Klage gegen die 380 KV Leitung zu unterst\u00fctzen. Der Anwalt der Kl\u00e4ger ging davon\u2026","rel":"","context":"In &quot;380KV&quot;","img":{"alt_text":"","src":"https:\/\/i0.wp.com\/isselburg21.de\/wp-content\/uploads\/2018\/01\/Bundesverwaltungsgericht.jpg?fit=672%2C372&resize=350%2C200","width":350,"height":200},"classes":[]},{"id":58,"url":"http:\/\/isselburg21.de\/?p=58","url_meta":{"origin":174,"position":4},"title":"Der erste Mast steht &#8211; 380 KV Trasse im Bau","date":"7. Dezember 2017","format":false,"excerpt":"In den benachbarten Niederlanden stehen die Hochspannungsmasten schon seit dem Sommer diesen Jahres. Auch im Stadtgebiet von Isselburg sind die Schneisen in den W\u00e4ldern schon Anfang 2017 entstanden, die Sch\u00e4den an der Natur und am Ortsbild sind schon vorhanden. Nun kommen die Masten und Leitungen hinzu. Das Stadtgebiet von Isselburg\u2026","rel":"","context":"In &quot;380KV&quot;","img":{"alt_text":"","src":"https:\/\/i0.wp.com\/isselburg21.de\/wp-content\/uploads\/2016\/11\/2016-11-10_23.00.321.jpg?fit=815%2C459&resize=350%2C200","width":350,"height":200},"classes":[]},{"id":47,"url":"http:\/\/isselburg21.de\/?p=47","url_meta":{"origin":174,"position":5},"title":"B\u00fcrgermeisterkandidaten unterst\u00fctzen Schule f\u00fcr Isselburg","date":"10. Januar 2018","format":false,"excerpt":"Bei der gestrigen Diskussion der drei B\u00fcrgermeisterkandidaten wurde relativ kurz \u00fcber unsere Initiative zur weiterf\u00fchrenden Schule gesprochen. Die Moderatorin des BBV betonte wie wichtig eine Schule f\u00fcr die Stadt ist. Sie bat Olaf Ro\u00dfm\u00fcller in seiner Rolle als stellvertretenden Vorsitzenden von Isselburg21 \u00fcber den aktuellen Sachstand zu berichten. Olaf Ro\u00dfm\u00fcller\u2026","rel":"","context":"In &quot;Schule f\u00fcr Isselburg&quot;","img":{"alt_text":"","src":"https:\/\/i0.wp.com\/isselburg21.de\/wp-content\/uploads\/2018\/01\/BBV-B\u00fcrgermeisterwahl.jpg?fit=931%2C494&resize=350%2C200","width":350,"height":200},"classes":[]}],"_links":{"self":[{"href":"http:\/\/isselburg21.de\/index.php?rest_route=\/wp\/v2\/posts\/174"}],"collection":[{"href":"http:\/\/isselburg21.de\/index.php?rest_route=\/wp\/v2\/posts"}],"about":[{"href":"http:\/\/isselburg21.de\/index.php?rest_route=\/wp\/v2\/types\/post"}],"author":[{"embeddable":true,"href":"http:\/\/isselburg21.de\/index.php?rest_route=\/wp\/v2\/users\/1"}],"replies":[{"embeddable":true,"href":"http:\/\/isselburg21.de\/index.php?rest_route=%2Fwp%2Fv2%2Fcomments&post=174"}],"version-history":[{"count":1,"href":"http:\/\/isselburg21.de\/index.php?rest_route=\/wp\/v2\/posts\/174\/revisions"}],"predecessor-version":[{"id":176,"href":"http:\/\/isselburg21.de\/index.php?rest_route=\/wp\/v2\/posts\/174\/revisions\/176"}],"wp:featuredmedia":[{"embeddable":true,"href":"http:\/\/isselburg21.de\/index.php?rest_route=\/wp\/v2\/media\/175"}],"wp:attachment":[{"href":"http:\/\/isselburg21.de\/index.php?rest_route=%2Fwp%2Fv2%2Fmedia&parent=174"}],"wp:term":[{"taxonomy":"category","embeddable":true,"href":"http:\/\/isselburg21.de\/index.php?rest_route=%2Fwp%2Fv2%2Fcategories&post=174"},{"taxonomy":"post_tag","embeddable":true,"href":"http:\/\/isselburg21.de\/index.php?rest_route=%2Fwp%2Fv2%2Ftags&post=174"}],"curies":[{"name":"wp","href":"https:\/\/api.w.org\/{rel}","templated":true}]}}