{"id":50,"date":"2018-01-06T18:47:34","date_gmt":"2018-01-06T18:47:34","guid":{"rendered":"http:\/\/wordpress.isselburg21.de\/?p=50"},"modified":"2018-01-11T19:12:51","modified_gmt":"2018-01-11T19:12:51","slug":"chance-fuer-eine-gesamtschule-steht-gut","status":"publish","type":"post","link":"http:\/\/isselburg21.de\/?p=50","title":{"rendered":"Chance f\u00fcr eine Gesamtschule steht gut"},"content":{"rendered":"<p><strong>Beitrag von isselburg-live.de<\/strong><\/p>\n<p><strong>Nun gibt es doch wieder Hoffnung f\u00fcr eine weiterf\u00fchrende Schule in Isselburg. Wie Reinhold K\u00fchne von Isselburg21 in einem Presseschreiben mitteilte, unterst\u00fctzt die Bezirksregierung M\u00fcnster das Vorhaben, eine Ersatzschule in privater Tr\u00e4gerschaft zu gr\u00fcnden.<\/strong><\/p>\n<p>Erste Sondierungsgespr\u00e4che haben bereits stattgefunden. In dem Schreiben hei\u00dft es, dass sich die Gespr\u00e4chspartner der Bezirksregierung sehr aufgeschlossen f\u00fcr die Gr\u00fcndung einer Ersatzschule in Isselburg gezeigt haben. Ein Bedarf sei angesichts der zu erwartenden Sch\u00fclerzahlen anzunehmen, hei\u00dft es von der Bezirksregierung. Sie sicherte eine intensive Begleitung und Beratung im Rahmen des Genehmigungsverfahren zu.<\/p>\n<p>Reinhold K\u00fchne, sowie Dr. Andreas Paschkert und Dietmar Spreu zeigten sich erfreut \u00fcber die M\u00f6glichkeit, eine Hauptschule, eine Realschule, eine Sekundarschule, oder eine Gesamtschule zu gr\u00fcnden. \u201cMit einer Gesamtschule st\u00fcnde sogar erstmalig allen Kindern und Jugendlichen aus Isselburg eine weiterf\u00fchrende Schule bis zur Erlangung des Abiturs in ihrer Heimatstadt zur Verf\u00fcgung.\u201d In dem Schreiben hei\u00dft es, dass bei Einreichung des vollst\u00e4ndigen Antrags auf Genehmigung einer Ersatzschule im Jahr 2018 die Schule zum 1. August 2019 starten k\u00f6nnte. Das Ziel ist eine weiterf\u00fchrende Schule mit den besten F\u00f6rderm\u00f6glichkeiten f\u00fcr alle Kinder in Isselburg.<\/p>\n<p>Nach Aussage der Bezirksregierung gibt es keine festen Vorgaben zur Schulgr\u00f6\u00dfe sowie zu Klassengr\u00f6\u00dfen f\u00fcr Ersatzschulen. F\u00fcr die Finanzierung durch das Land NRW sind Klassengr\u00f6\u00dfen von etwa 27 Sch\u00fclern je Klasse sinnvoll. In der Oberstufe gen\u00fcgen 19 Sch\u00fcler je Klasse. Da in Isselburg jedes Jahr um die 100 Kinder die Grundschule abschlie\u00dfen, ist eine Gesamtschule in Isselburg bereits bei einer \u00dcbergangsquote von unter 30% voll f\u00f6rderf\u00e4hig. Das Land deckt bis zu 94 Prozent der Kosten. Die \u00fcbrigen 6 Prozent sind als Eigenbehalt vom privaten Tr\u00e4ger zu \u00fcbernehmen; dessen Finanzierung k\u00f6nnte beispielsweise durch einen F\u00f6rderverein (dem auch die Stadt Isselburg ggfs. angeh\u00f6ren d\u00fcrfte) gesichert werden. Insgesamt wurde der sehr positive Eindruck vermittelt, dass eine Ersatzschule in Isselburg erfolgreich realisierbar ist, wenn der politische Wille besteht und eine breite Unterst\u00fctzung durch die \u00f6rtlichen Wirtschaftsunternehmen und die Bev\u00f6lkerung erfolgt. Am 11. Januar wird ein weiteres Treffen von Isselburg21 und der Bezirksregierung in M\u00fcnster stattfinden, um den Prozess weiter voranzubringen.<\/p>\n<p><em>Foto\/Montage: Frithjof Nowakewitz<\/em><\/p>\n","protected":false},"excerpt":{"rendered":"<p>Beitrag von isselburg-live.de Nun gibt es doch wieder Hoffnung f\u00fcr eine weiterf\u00fchrende Schule in Isselburg. Wie Reinhold K\u00fchne von Isselburg21<\/p>\n","protected":false},"author":1,"featured_media":51,"comment_status":"open","ping_status":"open","sticky":false,"template":"","format":"standard","meta":{"advanced_seo_description":"","jetpack_seo_html_title":"","jetpack_seo_noindex":false,"jetpack_post_was_ever_published":false,"footnotes":"","jetpack_publicize_message":"","jetpack_is_tweetstorm":false,"jetpack_publicize_feature_enabled":true,"jetpack_social_post_already_shared":false,"jetpack_social_options":[]},"categories":[1],"tags":[],"class_list":["post-50","post","type-post","status-publish","format-standard","has-post-thumbnail","hentry","category-schulefuerisselburg"],"jetpack_publicize_connections":[],"jetpack_featured_media_url":"https:\/\/i0.wp.com\/isselburg21.de\/wp-content\/uploads\/2018\/01\/Gesamtschule-Isselburg-Kopie.jpg?fit=792%2C441","jetpack_sharing_enabled":true,"jetpack_shortlink":"https:\/\/wp.me\/p9yksG-O","jetpack_likes_enabled":true,"jetpack-related-posts":[{"id":133,"url":"http:\/\/isselburg21.de\/?p=133","url_meta":{"origin":50,"position":0},"title":"Pressemitteilung zur M\u00f6glichkeit einer Gesamtschule in Isselburg","date":"2. Januar 2018","format":false,"excerpt":"Heute haben wir folgende Pressemitteilung versendet: Bezirksregierung M\u00fcnster: Gesamtschule f\u00fcr Isselburg ist machbar! Vertreter von Isselburg21 und f\u00fcr das Schulwesen zust\u00e4ndige Mitarbeiterinnen und Mitarbeiter der Bezirksregierung M\u00fcnster trafen sich zu einem ersten Sondierungsgespr\u00e4ch, um die M\u00f6glichkeiten des Erhalts einer weiterf\u00fchrenden Schule in Isselburg zu er\u00f6rtern. Die Gespr\u00e4chsteilnehmer der Bezirksregierung zeigten\u2026","rel":"","context":"In &quot;Schule f\u00fcr Isselburg&quot;","img":{"alt_text":"","src":"https:\/\/i0.wp.com\/isselburg21.de\/wp-content\/uploads\/2018\/01\/Schule-Isselburg.jpg?fit=960%2C640&resize=350%2C200","width":350,"height":200},"classes":[]},{"id":47,"url":"http:\/\/isselburg21.de\/?p=47","url_meta":{"origin":50,"position":1},"title":"B\u00fcrgermeisterkandidaten unterst\u00fctzen Schule f\u00fcr Isselburg","date":"10. Januar 2018","format":false,"excerpt":"Bei der gestrigen Diskussion der drei B\u00fcrgermeisterkandidaten wurde relativ kurz \u00fcber unsere Initiative zur weiterf\u00fchrenden Schule gesprochen. Die Moderatorin des BBV betonte wie wichtig eine Schule f\u00fcr die Stadt ist. Sie bat Olaf Ro\u00dfm\u00fcller in seiner Rolle als stellvertretenden Vorsitzenden von Isselburg21 \u00fcber den aktuellen Sachstand zu berichten. Olaf Ro\u00dfm\u00fcller\u2026","rel":"","context":"In &quot;Schule f\u00fcr Isselburg&quot;","img":{"alt_text":"","src":"https:\/\/i0.wp.com\/isselburg21.de\/wp-content\/uploads\/2018\/01\/BBV-B\u00fcrgermeisterwahl.jpg?fit=931%2C494&resize=350%2C200","width":350,"height":200},"classes":[]},{"id":174,"url":"http:\/\/isselburg21.de\/?p=174","url_meta":{"origin":50,"position":2},"title":"Jahreshauptversammlung vom 27.09.2022","date":"29. September 2022","format":false,"excerpt":"Nach drei Jahren Pause fand am Dienstagabend im Hahnerfelder Bauerncafe diediesj\u00e4hrige Jahreshauptversammlung von Isselburg21 statt. Nach Jahresr\u00fcckblick und Ausblick auf das kommende Jahr durch den Vorstand undBericht der Kassenpr\u00fcfung erfolgte die Entlastung des Vorstandes und dessenNeuwahl und Best\u00e4tigung im Amt. Coronabedingte Zwangspausen haben in den letzten Jahren auch das Vereinslebenvon\u2026","rel":"","context":"In &quot;Schule f\u00fcr Isselburg&quot;","img":{"alt_text":"","src":"https:\/\/i0.wp.com\/isselburg21.de\/wp-content\/uploads\/2022\/09\/Vorstand2019.jpeg?fit=640%2C448&resize=350%2C200","width":350,"height":200},"classes":[]},{"id":58,"url":"http:\/\/isselburg21.de\/?p=58","url_meta":{"origin":50,"position":3},"title":"Der erste Mast steht &#8211; 380 KV Trasse im Bau","date":"7. Dezember 2017","format":false,"excerpt":"In den benachbarten Niederlanden stehen die Hochspannungsmasten schon seit dem Sommer diesen Jahres. Auch im Stadtgebiet von Isselburg sind die Schneisen in den W\u00e4ldern schon Anfang 2017 entstanden, die Sch\u00e4den an der Natur und am Ortsbild sind schon vorhanden. Nun kommen die Masten und Leitungen hinzu. Das Stadtgebiet von Isselburg\u2026","rel":"","context":"In &quot;380KV&quot;","img":{"alt_text":"","src":"https:\/\/i0.wp.com\/isselburg21.de\/wp-content\/uploads\/2016\/11\/2016-11-10_23.00.321.jpg?fit=815%2C459&resize=350%2C200","width":350,"height":200},"classes":[]},{"id":98,"url":"http:\/\/isselburg21.de\/?p=98","url_meta":{"origin":50,"position":4},"title":"Klage gegen 380 kV Leitung","date":"19. Februar 2017","format":false,"excerpt":"Im Stadtgebiet von Isselburg laufen die Bauarbeiten der 380 KV Leitung und die sichtbaren Auswirkungen sind erschreckend. Ganze Waldst\u00fccke wurden abgeholzt und Baustra\u00dfen \u00fcber Acker- und Weidefl\u00e4chen erstellt. Auf der letzten Jahreshauptversammlung haben wir beschlossen eine Klage gegen die 380 KV Leitung zu unterst\u00fctzen. Der Anwalt der Kl\u00e4ger ging davon\u2026","rel":"","context":"In &quot;380KV&quot;","img":{"alt_text":"","src":"https:\/\/i0.wp.com\/isselburg21.de\/wp-content\/uploads\/2018\/01\/Bundesverwaltungsgericht.jpg?fit=672%2C372&resize=350%2C200","width":350,"height":200},"classes":[]},{"id":117,"url":"http:\/\/isselburg21.de\/?p=117","url_meta":{"origin":50,"position":5},"title":"Luftaufnahmen vom Kieswerk Breels","date":"11. Oktober 2015","format":false,"excerpt":"Mein Isselburg hat ein neues Video zur Verf\u00fcgung gestellt, welches die aktuelle Auskiesungs- und Betriebsfl\u00e4che zeigt. Zu sehen ist, dass gerade eine neue Fl\u00e4che freigelegt und der Abraum in einer anderen Ecke wieder in das Wasser gesch\u00fcttet wird. Aktuell bereiten wir noch unsere Stellungnahme gegen die geplante Erweiterung vor, desweiteren\u2026","rel":"","context":"In &quot;Auskiesung&quot;","img":{"alt_text":"","src":"https:\/\/i0.wp.com\/isselburg21.de\/wp-content\/uploads\/2018\/01\/Luftbild-Auskiesung.jpg?fit=930%2C524&resize=350%2C200","width":350,"height":200},"classes":[]}],"_links":{"self":[{"href":"http:\/\/isselburg21.de\/index.php?rest_route=\/wp\/v2\/posts\/50"}],"collection":[{"href":"http:\/\/isselburg21.de\/index.php?rest_route=\/wp\/v2\/posts"}],"about":[{"href":"http:\/\/isselburg21.de\/index.php?rest_route=\/wp\/v2\/types\/post"}],"author":[{"embeddable":true,"href":"http:\/\/isselburg21.de\/index.php?rest_route=\/wp\/v2\/users\/1"}],"replies":[{"embeddable":true,"href":"http:\/\/isselburg21.de\/index.php?rest_route=%2Fwp%2Fv2%2Fcomments&post=50"}],"version-history":[{"count":3,"href":"http:\/\/isselburg21.de\/index.php?rest_route=\/wp\/v2\/posts\/50\/revisions"}],"predecessor-version":[{"id":57,"href":"http:\/\/isselburg21.de\/index.php?rest_route=\/wp\/v2\/posts\/50\/revisions\/57"}],"wp:featuredmedia":[{"embeddable":true,"href":"http:\/\/isselburg21.de\/index.php?rest_route=\/wp\/v2\/media\/51"}],"wp:attachment":[{"href":"http:\/\/isselburg21.de\/index.php?rest_route=%2Fwp%2Fv2%2Fmedia&parent=50"}],"wp:term":[{"taxonomy":"category","embeddable":true,"href":"http:\/\/isselburg21.de\/index.php?rest_route=%2Fwp%2Fv2%2Fcategories&post=50"},{"taxonomy":"post_tag","embeddable":true,"href":"http:\/\/isselburg21.de\/index.php?rest_route=%2Fwp%2Fv2%2Ftags&post=50"}],"curies":[{"name":"wp","href":"https:\/\/api.w.org\/{rel}","templated":true}]}}