{"id":84,"date":"2017-05-22T20:17:26","date_gmt":"2017-05-22T20:17:26","guid":{"rendered":"http:\/\/wordpress.isselburg21.de\/?p=84"},"modified":"2018-01-11T20:19:44","modified_gmt":"2018-01-11T20:19:44","slug":"video-zur-erstellung-der-380-kv-trasse","status":"publish","type":"post","link":"http:\/\/isselburg21.de\/?p=84","title":{"rendered":"Video zur Erstellung der 380 KV Trasse"},"content":{"rendered":"<p>Unser Mitglied Andreas Pasckert, der \u00f6fter mit dem Flugzeug \u00fcber Anholt unterwegs ist, hat uns ein ausf\u00fchrliches Video zum Bau der 380 KV Trasse Wesel-Doetinchem erstellt. Dieses dokumentiert sehr deutlich die Sch\u00e4den die schon entstanden sind, ganz besonders bei den Luftaufnahmen kann man die Sch\u00e4den an der Natur erkennen! Noch sind keine Masten und Leitungen vorhanden, diese werden wahrscheinlich noch in 2017 montiert.<\/p>\n<p>Vielen Dank f\u00fcr dieses Video!<\/p>\n<p><span class=\"embed-youtube\" style=\"text-align:center; display: block;\"><iframe loading=\"lazy\" class=\"youtube-player\" width=\"800\" height=\"450\" src=\"https:\/\/www.youtube.com\/embed\/RJ3UmBf2Ts4?version=3&#038;rel=1&#038;showsearch=0&#038;showinfo=1&#038;iv_load_policy=1&#038;fs=1&#038;hl=de-DE&#038;autohide=2&#038;wmode=transparent\" allowfullscreen=\"true\" style=\"border:0;\" sandbox=\"allow-scripts allow-same-origin allow-popups allow-presentation\"><\/iframe><\/span><\/p>\n<p>&nbsp;<\/p>\n","protected":false},"excerpt":{"rendered":"<p>Unser Mitglied Andreas Pasckert, der \u00f6fter mit dem Flugzeug \u00fcber Anholt unterwegs ist, hat uns ein ausf\u00fchrliches Video zum Bau<\/p>\n","protected":false},"author":1,"featured_media":85,"comment_status":"open","ping_status":"open","sticky":false,"template":"","format":"standard","meta":{"advanced_seo_description":"","jetpack_seo_html_title":"","jetpack_seo_noindex":false,"jetpack_post_was_ever_published":false,"footnotes":"","jetpack_publicize_message":"","jetpack_is_tweetstorm":false,"jetpack_publicize_feature_enabled":true,"jetpack_social_post_already_shared":false,"jetpack_social_options":[]},"categories":[3],"tags":[],"class_list":["post-84","post","type-post","status-publish","format-standard","has-post-thumbnail","hentry","category-380kv"],"jetpack_publicize_connections":[],"jetpack_featured_media_url":"https:\/\/i0.wp.com\/isselburg21.de\/wp-content\/uploads\/2018\/01\/Video-Trassenbau.jpg?fit=913%2C462","jetpack_sharing_enabled":true,"jetpack_shortlink":"https:\/\/wp.me\/p9yksG-1m","jetpack_likes_enabled":true,"jetpack-related-posts":[{"id":58,"url":"http:\/\/isselburg21.de\/?p=58","url_meta":{"origin":84,"position":0},"title":"Der erste Mast steht &#8211; 380 KV Trasse im Bau","date":"7. Dezember 2017","format":false,"excerpt":"In den benachbarten Niederlanden stehen die Hochspannungsmasten schon seit dem Sommer diesen Jahres. Auch im Stadtgebiet von Isselburg sind die Schneisen in den W\u00e4ldern schon Anfang 2017 entstanden, die Sch\u00e4den an der Natur und am Ortsbild sind schon vorhanden. Nun kommen die Masten und Leitungen hinzu. Das Stadtgebiet von Isselburg\u2026","rel":"","context":"In &quot;380KV&quot;","img":{"alt_text":"","src":"https:\/\/i0.wp.com\/isselburg21.de\/wp-content\/uploads\/2016\/11\/2016-11-10_23.00.321.jpg?fit=815%2C459&resize=350%2C200","width":350,"height":200},"classes":[]},{"id":93,"url":"http:\/\/isselburg21.de\/?p=93","url_meta":{"origin":84,"position":1},"title":"Klage gegen 380 kV Leitung ohne Erfolg","date":"13. Mai 2017","format":false,"excerpt":"\"Da f\u00fchlt man sich echt verarscht\" - So f\u00fchlen sich die Anwohner aus Heelden, die gegen die 380 kV Trasse geklagt haben. Die Klage wurde von uns finanziell unterst\u00fctzt, da dies der einzige Weg war, um die Trasse zu verhindern. Aktuell laufen \u00fcberall im Stadtgebiet die Bauarbeiten. Man kann nur\u2026","rel":"","context":"In &quot;380KV&quot;","img":{"alt_text":"","src":"https:\/\/i0.wp.com\/isselburg21.de\/wp-content\/uploads\/2018\/01\/380-kv-mast.jpg?fit=550%2C391&resize=350%2C200","width":350,"height":200},"classes":[]},{"id":98,"url":"http:\/\/isselburg21.de\/?p=98","url_meta":{"origin":84,"position":2},"title":"Klage gegen 380 kV Leitung","date":"19. Februar 2017","format":false,"excerpt":"Im Stadtgebiet von Isselburg laufen die Bauarbeiten der 380 KV Leitung und die sichtbaren Auswirkungen sind erschreckend. Ganze Waldst\u00fccke wurden abgeholzt und Baustra\u00dfen \u00fcber Acker- und Weidefl\u00e4chen erstellt. Auf der letzten Jahreshauptversammlung haben wir beschlossen eine Klage gegen die 380 KV Leitung zu unterst\u00fctzen. Der Anwalt der Kl\u00e4ger ging davon\u2026","rel":"","context":"In &quot;380KV&quot;","img":{"alt_text":"","src":"https:\/\/i0.wp.com\/isselburg21.de\/wp-content\/uploads\/2018\/01\/Bundesverwaltungsgericht.jpg?fit=672%2C372&resize=350%2C200","width":350,"height":200},"classes":[]},{"id":124,"url":"http:\/\/isselburg21.de\/?p=124","url_meta":{"origin":84,"position":3},"title":"Waldrodung f\u00fcr 380 kV Leitung","date":"7. November 2016","format":false,"excerpt":"Ein Mitglied hat uns heute das beiliegende Foto gesendet. Bei einem Waldspaziergang hat er die aktuell laufende Waldrodung f\u00fcr uns festgehalten. Zum Bau der 380 kV Stromautobahn m\u00fcssen viele B\u00e4ume weichen, teilweise sind die Schneisen bis zu 70 Meter breit. Bei den gef\u00e4llten B\u00e4umen handelt es sich nicht nur um\u2026","rel":"","context":"In &quot;380KV&quot;","img":{"alt_text":"","src":"https:\/\/i0.wp.com\/isselburg21.de\/wp-content\/uploads\/2018\/01\/Waldrodung-380-kv.jpg?fit=1200%2C675&resize=350%2C200","width":350,"height":200},"classes":[]},{"id":182,"url":"http:\/\/isselburg21.de\/?p=182","url_meta":{"origin":84,"position":4},"title":"Bericht zur JHV 2023 und weitere Planung","date":"23. Dezember 2023","format":false,"excerpt":"Jahreshauptversammlung des Vereins Isselburg21 vom 07.12.2023 Am Donnerstagabend fand in den R\u00e4umen des Heimatvereins Anholt die diesj\u00e4hrige Jahreshauptversammlung von Isselburg21 e.V. statt. Nach Jahresr\u00fcckblick und Ausblick auf das kommende Jahr durch den Vorstand und Bericht der Kassenpr\u00fcfung erfolgte die Entlastung des Vorstandes. Aktueller Diskussionsschwerpunkt ist die geplante Gleichstromtrasse \u2018Windader West\u2019\u2026","rel":"","context":"In &quot;380KV&quot;","img":{"alt_text":"","src":"https:\/\/i0.wp.com\/isselburg21.de\/wp-content\/uploads\/2015\/10\/12140111_893495877403170_1513353267517496284_o.jpg?fit=1200%2C800&resize=350%2C200","width":350,"height":200},"classes":[]},{"id":174,"url":"http:\/\/isselburg21.de\/?p=174","url_meta":{"origin":84,"position":5},"title":"Jahreshauptversammlung vom 27.09.2022","date":"29. September 2022","format":false,"excerpt":"Nach drei Jahren Pause fand am Dienstagabend im Hahnerfelder Bauerncafe diediesj\u00e4hrige Jahreshauptversammlung von Isselburg21 statt. Nach Jahresr\u00fcckblick und Ausblick auf das kommende Jahr durch den Vorstand undBericht der Kassenpr\u00fcfung erfolgte die Entlastung des Vorstandes und dessenNeuwahl und Best\u00e4tigung im Amt. Coronabedingte Zwangspausen haben in den letzten Jahren auch das Vereinslebenvon\u2026","rel":"","context":"In &quot;Schule f\u00fcr Isselburg&quot;","img":{"alt_text":"","src":"https:\/\/i0.wp.com\/isselburg21.de\/wp-content\/uploads\/2022\/09\/Vorstand2019.jpeg?fit=640%2C448&resize=350%2C200","width":350,"height":200},"classes":[]}],"_links":{"self":[{"href":"http:\/\/isselburg21.de\/index.php?rest_route=\/wp\/v2\/posts\/84"}],"collection":[{"href":"http:\/\/isselburg21.de\/index.php?rest_route=\/wp\/v2\/posts"}],"about":[{"href":"http:\/\/isselburg21.de\/index.php?rest_route=\/wp\/v2\/types\/post"}],"author":[{"embeddable":true,"href":"http:\/\/isselburg21.de\/index.php?rest_route=\/wp\/v2\/users\/1"}],"replies":[{"embeddable":true,"href":"http:\/\/isselburg21.de\/index.php?rest_route=%2Fwp%2Fv2%2Fcomments&post=84"}],"version-history":[{"count":2,"href":"http:\/\/isselburg21.de\/index.php?rest_route=\/wp\/v2\/posts\/84\/revisions"}],"predecessor-version":[{"id":88,"href":"http:\/\/isselburg21.de\/index.php?rest_route=\/wp\/v2\/posts\/84\/revisions\/88"}],"wp:featuredmedia":[{"embeddable":true,"href":"http:\/\/isselburg21.de\/index.php?rest_route=\/wp\/v2\/media\/85"}],"wp:attachment":[{"href":"http:\/\/isselburg21.de\/index.php?rest_route=%2Fwp%2Fv2%2Fmedia&parent=84"}],"wp:term":[{"taxonomy":"category","embeddable":true,"href":"http:\/\/isselburg21.de\/index.php?rest_route=%2Fwp%2Fv2%2Fcategories&post=84"},{"taxonomy":"post_tag","embeddable":true,"href":"http:\/\/isselburg21.de\/index.php?rest_route=%2Fwp%2Fv2%2Ftags&post=84"}],"curies":[{"name":"wp","href":"https:\/\/api.w.org\/{rel}","templated":true}]}}